{"id":515,"date":"2015-11-02T18:11:33","date_gmt":"2015-11-02T17:11:33","guid":{"rendered":"http:\/\/www.hagyomanyokhegye.hu\/?p=515"},"modified":"2016-05-30T12:48:07","modified_gmt":"2016-05-30T10:48:07","slug":"az-oreghegy-tortenete","status":"publish","type":"post","link":"https:\/\/www.hagyomanyokhegye.hu\/?p=515","title":{"rendered":"Az \u00d6reghegy t\u00f6rt\u00e9nete"},"content":{"rendered":"<h3 style=\"text-align: center;\"><\/h3>\n<h3 style=\"text-align: center;\"><strong>Az \u00d6reghegy t\u00f6rt\u00e9nete<\/strong><\/h3>\n<p>&nbsp;<\/p>\n<p>,,P\u00e1pa hat\u00e1r\u00e1r\u00e1ban k\u00fcl\u00f6n, a 17. sz\u00e1zad elej\u00e9t\u0151l \u00f6n\u00e1ll\u00f3 hegyk\u00f6zs\u00e9gi artikulusokkal szab\u00e1lyozott \u00e9letet \u00e9ltek a sz\u0151l\u0151hegyek. A Tapolca foly\u00f3 \u00e9s a J\u00e1ri patak k\u00f6z\u00f6tt fekv\u0151 Kishegy vagy Kishanta, m\u00f6g\u00f6tte az \u00d6reghegy vagy Nagyhanta alig 182 illetve 164 m\u00e9terrel emelkednek a tengerszint f\u00f6l\u00e9, \u00e1m k\u00f6zvetlen k\u00f6rnyezet\u00fckb\u0151l csak 10-30 m\u00e9terrel magasodnak ki. A k\u00f6zel\u00fckben lev\u0151, a Kishegyt\u0151l keletre es\u0151 T\u00f6rzs\u00f6khegy legnagyobb magass\u00e1ga 166 m\u00e9ter, s ez alig 15 m\u00e9terrel magasabb, mint a k\u00f6rnyezete.<small><sup><span style=\"font-size: small;\">142<\/span><\/sup><\/small> A dombokon &#8211; helyi, s\u00edks\u00e1gi szeml\u00e9letet t\u00fckr\u00f6z\u0151 sz\u00f3haszn\u00e1lattal: hegyeken &#8211; a gy\u00fcm\u00f6lcs- \u00e9s sz\u0151l\u0151termel\u0151 gazd\u00e1kat m\u0171k\u00f6d\u00e9si egys\u00e9gbe vont\u00e1k a hegyk\u00f6zs\u00e9gi szervezetek. 1629-b\u0151l maradtak fenn a veszpr\u00e9mi k\u00e1ptalan \u00e1ltal kiadott h\u00e1ntai hegyk\u00f6zs\u00e9gi artikulusok.<small><sup><span style=\"font-size: small;\">143<\/span><\/sup><\/small> A hegyet n\u00e9gy \u00e9vvel el\u0151tte Ergelics Ferenc veszpr\u00e9mi p\u00fcsp\u00f6k adta haszonb\u00e9rbe a p\u00e1pai polg\u00e1roknak.<small><sup><span style=\"font-size: small;\">144<\/span><\/sup><\/small> 1689. m\u00e1rcius 26-\u00e1n kelt Kis-\/\u00daj\/ H\u00e1nta hegyszab\u00e1lyzata,<small><sup><span style=\"font-size: small;\">145<\/span><\/sup><\/small> 1701-b\u0151l sz\u00e1rmazik a -Nagy-\/\u00d6reg\/-H\u00e1nta hegy\u00e9.<small><sup><span style=\"font-size: small;\">146<\/span><\/sup><\/small> 1753. m\u00e1jus 5-\u00e9n d\u00e1tumozt\u00e1k a Kis-\/\u00daj\/-H\u00e1nta hegy artikulusait.<small><sup><span style=\"font-size: small;\">147<\/span><\/sup><\/small> Kilenc \u00e9v m\u00falva, 1762-ben az &#8222;Agyagliki&#8221; hegy\u00e9t<small><sup><span style=\"font-size: small;\">148<\/span><\/sup><\/small>, s k\u00e9t \u00e9v m\u00falva \u00f6sszevontan jelent meg Kis- \u00e9s Nagy-H\u00e1nta valamint T\u00f6rzs\u00f6khegy hegyk\u00f6zs\u00e9gi szab\u00e1lyzata.<small><sup><span style=\"font-size: small;\">149<\/span><\/sup><\/small> 1738-ban P\u00e1pa f\u00f6ldesur\u00e1nak j\u00f3v\u00e1hagy\u00e1s\u00e1val fogalmaz\u00f3dtak meg T\u00f6rzs\u00f6khegy \u00e9s \u00d6reg-H\u00e1nta artikulusai.<small><sup><span style=\"font-size: small;\">150<\/span><\/sup><\/small> Ezek meghat\u00e1rozt\u00e1k a sz\u0151l\u0151sgazd\u00e1k jogait \u00e9s k\u00f6teless\u00e9geit, a hegybeli munk\u00e1k rendj\u00e9t, k\u00f6zt\u00fck a sz\u00fcret kezd\u00e9s\u00e9nek idej\u00e9t is.<small><sup><span style=\"font-size: small;\">151<\/span><\/sup><\/small> A sz\u0151l\u0151hegyeket gyep\u0171 \u00e9s \u00e1rok vette k\u00f6r\u00fcl. A gazd\u00e1k a kapukon \u00e1t k\u00f6zlekedtek. Minden kapunak k\u00e9t r\u00e9sze volt: a kocsi- \u00e9s gyalogkapu. A hegyp\u00e1sztor, a hegy rendj\u00e9re fel\u00fcgyel\u0151 hegyk\u00f6zs\u00e9gi &#8222;alkalmazott&#8221; hajl\u00e9ka az egyik kapu k\u00f6zel\u00e9ben \u00e1llt. A p\u00e1sztorh\u00e1zban gyakran p\u00e1linkaf\u0151z\u0151 kaz\u00e1n is m\u0171k\u00f6d\u00f6tt. A hegyk\u00f6zs\u00e9gek lehet\u0151s\u00e9g szerint saj\u00e1t k\u00fatjaik viz\u00e9t haszn\u00e1lt\u00e1k a sz\u0151l\u0151beli munk\u00e1k alkalm\u00e1val. A hegyekbe fakereszteket \u00e1ll\u00edtottak. Az igali \u00f6reghegynek sz\u00e1zadunk elej\u00e9n harangja is volt.<small><sup><span style=\"font-size: small;\">152<\/span><\/sup><\/small><small><\/small><\/p>\n<p align=\"JUSTIFY\">A hegyk\u00f6zs\u00e9gek iratait, pecs\u00e9tj\u00e9t a k\u00f6zs\u00e9gi l\u00e1d\u00e1ban \u0151rizte a gazdak\u00f6z\u00f6ss\u00e9g \u00e1ltal meghat\u00e1rozott id\u0151re v\u00e1lasztott hegyb\u00edr\u00f3. A T\u00f6rzs\u00f6khegy festett, eszterg\u00e1lt l\u00e1b\u00fa, bels\u0151 fi\u00f3kos l\u00e1d\u00e1ja a v\u00e1ros m\u00fazeum\u00e1nak gy\u0171jtem\u00e9ny\u00e9t gazdag\u00edtja.<small><sup><span style=\"font-size: small;\">153<\/span><\/sup><\/small> A c\u00e9hekhez hasonl\u00f3an a hegyk\u00f6zs\u00e9gek is k\u00e9sz\u00edtettek \u00fcnnepi haszn\u00e1latra d\u00edszes kors\u00f3t. B\u00e1r nem \u0151rz\u0151dtek meg, van tudom\u00e1sunk r\u00f3luk. Ma is emlegetik a legfiatalabb hegyk\u00f6zs\u00e9g, az \u00dardomb kors\u00f3j\u00e1t. A v\u00e1ros p\u00e1lyaudvar\u00e1t\u00f3l keletre es\u0151 ter\u00fcletet az eml\u00e9kezet szerint a gr\u00f3f adta le ad\u00f3v\u00e1lts\u00e1g d\u00edj\u00e1ban, \u00e9s a csizmadia c\u00e9htagok k\u00f6z\u00f6tt osztott\u00e1k ki. Innen a domb n\u00e9pi neve, a Csirizhegy.<small><sup><span style=\"font-size: small;\">154<\/span><\/sup><\/small> Az itteni sz\u0151l\u0151birtokoss\u00e1g 1878 nyar\u00e1n k\u00e9rt enged\u00e9lyt telek \u00e1tenged\u00e9s\u00e9re p\u00e1sztorkunyh\u00f3 \u00e9p\u00edt\u00e9s\u00e9hez.<small><sup><span style=\"font-size: small;\">155<\/span><\/sup><\/small> &#8222;Hegys\u00e9g szab\u00e1lyzatukr\u00f3l&#8221; 1880. m\u00e1rcius\u00e1ban adott h\u00edrt a P\u00e1pai Lapok.<small><sup><span style=\"font-size: small;\">156<\/span><\/sup><\/small><\/p>\n<p align=\"JUSTIFY\">A p\u00e1pai hat\u00e1r d\u00e9lkeleti r\u00e9sz\u00e9n fekv\u0151 dombokon sz\u00e1zadunkban sz\u00e1mtalan borpinc\u00e9t, kis h\u00e1zat \u00e9s nyaral\u00f3t \u00e9p\u00edtettek. A Kishegy legnevezetesebb sz\u0151l\u0151je a Bocsor Istv\u00e1n-f\u00e9le sz\u0151l\u0151 volt. Az itt emelt nyaral\u00f3ban t\u00f6lt\u00f6tte di\u00e1k\u00e9veit Kozma Andor k\u00f6lt\u0151, aki legismertebb vers\u00e9ben, A carthag\u00f3i harangokban a p\u00e1pai reform\u00e1tus koll\u00e9giumr\u00f3l eml\u00e9kezett meg. A Bocsor-sz\u0151l\u0151 v\u00e9g\u00fcl Pulszky Ferenc, a m\u00falt sz\u00e1zad m\u00e1sodik fele h\u00edres politikus\u00e1nak a birtok\u00e1ba ker\u00fclt. Sok \u00e9ven \u00e1t ide j\u00e1rt \u00fcd\u00fclni, s \u00f6zvegye szerint jobban szerette, mint sz\u00e9cs\u00e9nyi kast\u00e9ly\u00e1t. Az \u00d6reghegy legszebb \u00fatja a &#8222;B\u00e1r\u00f3n\u00e9 \u00fatja&#8221;, amelyet k\u00e9t oldal\u00e1t fasor szeg\u00e9lyezi. Nev\u00e9t onnan kapta, hogy 1835-ben egy b\u00e9csi \u00fariasszony, akit \u00e9rz\u00e9keny sz\u00e1lak f\u0171ztek Esterh\u00e1zy K\u00e1roly gr\u00f3fhoz, mintegy 30 holdnyi ter\u00fcletet v\u00e1s\u00e1rolt a hegy sz\u0151l\u0151ib\u0151l. Birtok\u00e1t parkos\u00edtotta \u00e9s k\u00f6zep\u00e9re gy\u00f6ny\u00f6r\u0171 nyaral\u00f3t \u00e9p\u00edttetett. Az emeletes villa terasz\u00e1r\u00f3l sz\u00e9p kil\u00e1t\u00e1s ny\u00edlt a v\u00e1rosra. Az asszonyt a k\u00f6zn\u00e9p tiszteletb\u0151l b\u00e1r\u00f3n\u00e9nak nevezte. A hegyi \u00fat innen nyerte a nev\u00e9t. Ka\u00e1n Vilhelmin\u00e1t k\u00e9s\u0151bb feles\u00e9g\u00fcl vette a gr\u00f3f. <small><sup><span style=\"font-size: small;\">157<\/span><\/sup><\/small><\/p>\n<p align=\"JUSTIFY\"><img decoding=\"async\" loading=\"lazy\" class=\"aligncenter wp-image-535\" src=\"http:\/\/www.hagyomanyokhegye.hu\/wp-content\/uploads\/2015\/11\/r\u00e9gi-k\u00e9p3-1024x673.jpg\" alt=\"r\u00e9gi k\u00e9p3\" width=\"567\" height=\"373\" srcset=\"https:\/\/www.hagyomanyokhegye.hu\/wp-content\/uploads\/2015\/11\/r\u00e9gi-k\u00e9p3-1024x673.jpg 1024w, https:\/\/www.hagyomanyokhegye.hu\/wp-content\/uploads\/2015\/11\/r\u00e9gi-k\u00e9p3-300x197.jpg 300w, https:\/\/www.hagyomanyokhegye.hu\/wp-content\/uploads\/2015\/11\/r\u00e9gi-k\u00e9p3.jpg 2021w\" sizes=\"(max-width: 567px) 100vw, 567px\" \/><\/p>\n<p style=\"text-align: center;\" align=\"JUSTIFY\">Ka\u00e1n Vilhelmina k\u00fari\u00e1ja<\/p>\n<p align=\"JUSTIFY\">A hegyekben \u00e9p\u00fclt h\u00e1zak sz\u00e1zadunkban egyre ink\u00e1bb az \u00e1lland\u00f3 kintlak\u00e1st s nem csup\u00e1n a nyaral\u00e1st biztos\u00edtott\u00e1k, illetve a hegybeli munk\u00e1k idej\u00e9n ideiglenes lak\u00f3- \u00e9s munkahely\u00fcl szolg\u00e1ltak. Az eg\u00e9sz \u00e9vben a hegyekben \u00e9l\u0151kkel ben\u00e9pes\u00fcltek P\u00e1pa k\u00fclter\u00fcleti r\u00e9szei. 1949-ben az &#8222;Igali \u00f6reghegy&#8221; nev\u0171 sz\u0151l\u0151ben 320 lakost sz\u00e1ml\u00e1ltak. Kishegyet ekkor 258-an lakt\u00e1k. 1960-ban az \u00d6reghegyet 338, a Kishegyet 207, a T\u00f6rzs\u00f6khegyet 49, a B\u00e1r\u00f3czhegy-Kisb\u00e1r\u00f3cz-hegyet 63 lakossal tartott\u00e1k nyilv\u00e1n.<small><sup><span style=\"font-size: small;\">158<\/span><\/sup><\/small><\/p>\n<p align=\"JUSTIFY\">A p\u00e1pai sz\u0151l\u0151hegyek kedvelt s\u00e9ta- \u00e9s pihen\u0151helyek voltak a m\u00falt sz\u00e1zadokban. \u00dagy tartja az eml\u00e9kezet, hogy az \u00d6reghegy \u00fatjait Kisfaludy K\u00e1roly \u00e9s Vas Gereben is t\u00f6bbsz\u00f6r megj\u00e1rta.&#8221;<\/p>\n<p align=\"JUSTIFY\">forr\u00e1s:<\/p>\n<p>http:\/\/mek.oszk.hu\/02100\/02182\/html\/03.htm<\/p>\n","protected":false},"excerpt":{"rendered":"<p>Az \u00d6reghegy t\u00f6rt\u00e9nete &nbsp; ,,P\u00e1pa hat\u00e1r\u00e1r\u00e1ban k\u00fcl\u00f6n, a 17. sz\u00e1zad elej\u00e9t\u0151l \u00f6n\u00e1ll\u00f3 hegyk\u00f6zs\u00e9gi artikulusokkal szab\u00e1lyozott \u00e9letet \u00e9ltek a sz\u0151l\u0151hegyek. A Tapolca foly\u00f3 \u00e9s a J\u00e1ri patak k\u00f6z\u00f6tt fekv\u0151 Kishegy vagy Kishanta, m\u00f6g\u00f6tte az \u00d6reghegy vagy Nagyhanta alig 182 illetve 164 m\u00e9terrel emelkednek a tengerszint f\u00f6l\u00e9, \u00e1m k\u00f6zvetlen k\u00f6rnyezet\u00fckb\u0151l csak 10-30 m\u00e9terrel magasodnak ki. A k\u00f6zel\u00fckben [&hellip;]<\/p>\n","protected":false},"author":2,"featured_media":0,"comment_status":"open","ping_status":"open","sticky":false,"template":"","format":"standard","meta":[],"categories":[1],"tags":[],"_links":{"self":[{"href":"https:\/\/www.hagyomanyokhegye.hu\/index.php?rest_route=\/wp\/v2\/posts\/515"}],"collection":[{"href":"https:\/\/www.hagyomanyokhegye.hu\/index.php?rest_route=\/wp\/v2\/posts"}],"about":[{"href":"https:\/\/www.hagyomanyokhegye.hu\/index.php?rest_route=\/wp\/v2\/types\/post"}],"author":[{"embeddable":true,"href":"https:\/\/www.hagyomanyokhegye.hu\/index.php?rest_route=\/wp\/v2\/users\/2"}],"replies":[{"embeddable":true,"href":"https:\/\/www.hagyomanyokhegye.hu\/index.php?rest_route=%2Fwp%2Fv2%2Fcomments&post=515"}],"version-history":[{"count":9,"href":"https:\/\/www.hagyomanyokhegye.hu\/index.php?rest_route=\/wp\/v2\/posts\/515\/revisions"}],"predecessor-version":[{"id":600,"href":"https:\/\/www.hagyomanyokhegye.hu\/index.php?rest_route=\/wp\/v2\/posts\/515\/revisions\/600"}],"wp:attachment":[{"href":"https:\/\/www.hagyomanyokhegye.hu\/index.php?rest_route=%2Fwp%2Fv2%2Fmedia&parent=515"}],"wp:term":[{"taxonomy":"category","embeddable":true,"href":"https:\/\/www.hagyomanyokhegye.hu\/index.php?rest_route=%2Fwp%2Fv2%2Fcategories&post=515"},{"taxonomy":"post_tag","embeddable":true,"href":"https:\/\/www.hagyomanyokhegye.hu\/index.php?rest_route=%2Fwp%2Fv2%2Ftags&post=515"}],"curies":[{"name":"wp","href":"https:\/\/api.w.org\/{rel}","templated":true}]}}