{"id":425,"date":"2015-04-22T16:39:38","date_gmt":"2015-04-22T16:39:38","guid":{"rendered":"http:\/\/www.hagyomanyokhegye.hu\/?p=425"},"modified":"2015-04-22T16:42:17","modified_gmt":"2015-04-22T16:42:17","slug":"avar-es-arpad-kori-leletek-kerultek-napvilagra-tiszapuspoki-hataraban","status":"publish","type":"post","link":"https:\/\/www.hagyomanyokhegye.hu\/?p=425","title":{"rendered":"Avar \u00e9s \u00c1rp\u00e1d-kori leletek ker\u00fcltek napvil\u00e1gra Tiszap\u00fcsp\u00f6ki hat\u00e1r\u00e1ban"},"content":{"rendered":"<p><strong>\u00a0<\/strong><\/p>\n<h2>Avar \u00e9s \u00c1rp\u00e1d-kori leletek ker\u00fcltek napvil\u00e1gra Tiszap\u00fcsp\u00f6ki hat\u00e1r\u00e1ban<\/h2>\n<p>&nbsp;<\/p>\n<p><strong>M\u00falt h\u00f3nap v\u00e9g\u00e9n Tiszap\u00fcsp\u00f6ki hat\u00e1r\u00e1ban avar kori s\u00edrokra \u00e9s \u00c1rp\u00e1d-kori telep\u00fcl\u00e9s maradv\u00e1nyaira bukkantak a r\u00e9g\u00e9szek. Az avar s\u00edrok mellett elter\u00fcl\u0151 telep\u00fcl\u00e9s fekv\u00e9se miatt ism\u00e9t arra k\u00f6vetkeztethet\u00fcnk, hogy a K\u00e1rp\u00e1t-medencei avarok meg\u00e9lhett\u00e9k a honfoglal\u00e1st. A r\u00e9g\u00e9szeti felt\u00e1r\u00e1s m\u00e9g tart, az csontmaradv\u00e1nyokat a Magyar Term\u00e9szettudom\u00e1nyi m\u00fazeum antropol\u00f3gusai fogj\u00e1k megvizsg\u00e1lni.<\/strong><\/p>\n<p><strong>\u00a0<\/strong><\/p>\n<p><img decoding=\"async\" loading=\"lazy\" class=\"aligncenter wp-image-426\" src=\"http:\/\/www.hagyomanyokhegye.hu\/wp-content\/uploads\/2015\/04\/Fejek-1..jpg\" alt=\"Fejek 1.\" width=\"550\" height=\"370\" srcset=\"https:\/\/www.hagyomanyokhegye.hu\/wp-content\/uploads\/2015\/04\/Fejek-1..jpg 625w, https:\/\/www.hagyomanyokhegye.hu\/wp-content\/uploads\/2015\/04\/Fejek-1.-300x201.jpg 300w\" sizes=\"(max-width: 550px) 100vw, 550px\" \/><\/p>\n<p style=\"text-align: center;\"><span style=\"color: #555555;\">A kunb\u00e1bonyi avar vez\u00e9r arcrekonstrukci\u00f3ja a Kurultajon<\/span><\/p>\n<p>Az MTI h\u00edrad\u00e1sa szerint avar kori s\u00edrokra \u00e9s kora \u00c1rp\u00e1d-kori telep\u00fcl\u00e9s maradv\u00e1nyaira bukkantak a r\u00e9g\u00e9szek egy Tiszap\u00fcsp\u00f6ki hat\u00e1r\u00e1ban zajl\u00f3 megel\u0151z\u0151 felt\u00e1r\u00e1son. Az M4-es \u00fat elker\u00fcl\u0151 szakasz\u00e1nak \u00e9p\u00edt\u00e9se miatt ezer\u00f6tsz\u00e1z m\u00e9ter hossz\u00fa lel\u0151helyen, t\u00f6bb szakaszon dolgoznak a m\u00fazeum szakemberei tavaly m\u00e1jus \u00f3ta.<\/p>\n<p>T\u00e1rnoki Judit a felt\u00e1r\u00e1s helysz\u00edn\u00e9n elmondta: t\u00edz-tizenk\u00e9t avar kori s\u00edrhely lehet a ter\u00fcleten, amelyb\u0151l eddig hetet t\u00e1rtak fel. Hozz\u00e1tette: a kilencedik sz\u00e1zadi temetkez\u00e9si r\u00edtus \u00e9rdekess\u00e9ge, hogy a korabeli emberek a kopors\u00f3kra megny\u00fazott birka-vagy szarvasmarhab\u0151rt ter\u00edtettek. Erre az elhunytak csontv\u00e1za f\u00f6l\u00f6tt lev\u0151 \u00e1llati koponya- \u00e9s v\u00e9gtagcsontok utalnak \u2013 mutatta.<\/p>\n<p>&nbsp;<\/p>\n<p>Az MTI h\u00edrad\u00e1sa szerint avar kori s\u00edrokra \u00e9s kora \u00c1rp\u00e1d-kori telep\u00fcl\u00e9s maradv\u00e1nyaira bukkantak a r\u00e9g\u00e9szek egy Tiszap\u00fcsp\u00f6ki hat\u00e1r\u00e1ban zajl\u00f3 megel\u0151z\u0151 felt\u00e1r\u00e1son. Az M4-es \u00fat elker\u00fcl\u0151 szakasz\u00e1nak \u00e9p\u00edt\u00e9se miatt ezer\u00f6tsz\u00e1z m\u00e9ter hossz\u00fa lel\u0151helyen, t\u00f6bb szakaszon dolgoznak a m\u00fazeum szakemberei tavaly m\u00e1jus \u00f3ta.<\/p>\n<p>T\u00e1rnoki Judit a felt\u00e1r\u00e1s helysz\u00edn\u00e9n elmondta: t\u00edz-tizenk\u00e9t avar kori s\u00edrhely lehet a ter\u00fcleten, amelyb\u0151l eddig hetet t\u00e1rtak fel. Hozz\u00e1tette: a kilencedik sz\u00e1zadi temetkez\u00e9si r\u00edtus \u00e9rdekess\u00e9ge, hogy a korabeli emberek a kopors\u00f3kra megny\u00fazott birka-vagy szarvasmarhab\u0151rt ter\u00edtettek. Erre az elhunytak csontv\u00e1za f\u00f6l\u00f6tt lev\u0151 \u00e1llati koponya- \u00e9s v\u00e9gtagcsontok utalnak \u2013 mutatta.<\/p>\n<p>&nbsp;<\/p>\n<p><img decoding=\"async\" loading=\"lazy\" class=\"aligncenter wp-image-427\" src=\"http:\/\/www.hagyomanyokhegye.hu\/wp-content\/uploads\/2015\/04\/avar_csontvaz-2..jpg\" alt=\"avar_csontvaz 2.\" width=\"550\" height=\"413\" srcset=\"https:\/\/www.hagyomanyokhegye.hu\/wp-content\/uploads\/2015\/04\/avar_csontvaz-2..jpg 800w, https:\/\/www.hagyomanyokhegye.hu\/wp-content\/uploads\/2015\/04\/avar_csontvaz-2.-300x225.jpg 300w\" sizes=\"(max-width: 550px) 100vw, 550px\" \/><\/p>\n<p style=\"text-align: center;\"><span style=\"color: #555555;\">Avar harcos \u00e9s lov\u00e1nak csontjai a Damjanich J\u00e1nos M\u00fazeumban<\/span><\/p>\n<p style=\"text-align: left;\">Az \u00e1sat\u00e1svezet\u0151 kit\u00e9rt arra, hogy a s\u00edrokban haszn\u00e1lati t\u00e1rgyakat, vask\u00e9st, gy\u00f6ngysort, kett\u0151 \u00e9getett agyaged\u00e9nyt, ugyanennyi vas \u00f6vcsatot \u00e9s az egyik n\u0151i csontv\u00e1z mellett egy ors\u00f3karik\u00e1t is felt\u00e1rtak.<br \/>\nT\u00e1rnoki Judit a kora \u00c1rp\u00e1d-kori telep\u00fcl\u00e9s maradv\u00e1nyair\u00f3l elmondta: nyeregtet\u0151s, f\u00f6ldbe m\u00e9ly\u00edtett h\u00e1zakban \u00e9ltek a Tisza kanyarulat\u00e1nak partj\u00e1n az emberek a tizedik sz\u00e1zadban. A telep\u00fcl\u00e9s saj\u00e1toss\u00e1ga a rengeteg \u00e1rok \u00e9s kisebb-nagyobb g\u00f6d\u00f6r, ez ut\u00f3bbiakat hullad\u00e9kt\u00e1rol\u00f3nak haszn\u00e1lt\u00e1k.<br \/>\nA felt\u00e1rt csontok antropol\u00f3giai vizsg\u00e1lat\u00e1t a Term\u00e9szettudom\u00e1nyi M\u00fazeum szakemberei fogj\u00e1k elv\u00e9gezni, majd k\u00e9s\u0151bb t\u00e1rolni, az \u00e1llati \u00e9s egy\u00e9b leleteket a szolnoki Damjanich J\u00e1nos M\u00fazeumba sz\u00e1ll\u00edtj\u00e1k \u2013 mondta T\u00e1rnoki Judit.<br \/>\nAz \u00e1sat\u00e1svezet\u0151 eml\u00e9keztetett arra, hogy Tiszap\u00fcsp\u00f6ki hat\u00e1r\u00e1ban nem ezek az els\u0151 leletek, amelyeket felt\u00e1rtak: tavaly r\u00f3mai kori szarmata telep\u00fcl\u00e9sre bukkantak.<\/p>\n<p>Forr\u00e1s: \u00a0<em>kurultaj.hu, magyarhirlap.hu, MTI<\/em><\/p>\n\r\n\t<p style=\"text-align: center\">\r\n\t\t<small>Statistics recorded with <a href=\"http:\/\/www.gabsoftware.com\/products\/scripts\/counterize\/\" title=\"Counterize - Statistics-plugin for WordPress by GabSoftware\">Counterize<\/a> - Verzi\u00f3 3.1.4<\/small>\r\n\t<\/p>\r\n\r\n\t\n","protected":false},"excerpt":{"rendered":"<p>\u00a0 Avar \u00e9s \u00c1rp\u00e1d-kori leletek ker\u00fcltek napvil\u00e1gra Tiszap\u00fcsp\u00f6ki hat\u00e1r\u00e1ban &nbsp; M\u00falt h\u00f3nap v\u00e9g\u00e9n Tiszap\u00fcsp\u00f6ki hat\u00e1r\u00e1ban avar kori s\u00edrokra \u00e9s \u00c1rp\u00e1d-kori telep\u00fcl\u00e9s maradv\u00e1nyaira bukkantak a r\u00e9g\u00e9szek. Az avar s\u00edrok mellett elter\u00fcl\u0151 telep\u00fcl\u00e9s fekv\u00e9se miatt ism\u00e9t arra k\u00f6vetkeztethet\u00fcnk, hogy a K\u00e1rp\u00e1t-medencei avarok meg\u00e9lhett\u00e9k a honfoglal\u00e1st. A r\u00e9g\u00e9szeti felt\u00e1r\u00e1s m\u00e9g tart, az csontmaradv\u00e1nyokat a Magyar Term\u00e9szettudom\u00e1nyi m\u00fazeum antropol\u00f3gusai [&hellip;]<\/p>\n","protected":false},"author":2,"featured_media":0,"comment_status":"open","ping_status":"open","sticky":false,"template":"","format":"standard","meta":[],"categories":[1],"tags":[3],"_links":{"self":[{"href":"https:\/\/www.hagyomanyokhegye.hu\/index.php?rest_route=\/wp\/v2\/posts\/425"}],"collection":[{"href":"https:\/\/www.hagyomanyokhegye.hu\/index.php?rest_route=\/wp\/v2\/posts"}],"about":[{"href":"https:\/\/www.hagyomanyokhegye.hu\/index.php?rest_route=\/wp\/v2\/types\/post"}],"author":[{"embeddable":true,"href":"https:\/\/www.hagyomanyokhegye.hu\/index.php?rest_route=\/wp\/v2\/users\/2"}],"replies":[{"embeddable":true,"href":"https:\/\/www.hagyomanyokhegye.hu\/index.php?rest_route=%2Fwp%2Fv2%2Fcomments&post=425"}],"version-history":[{"count":5,"href":"https:\/\/www.hagyomanyokhegye.hu\/index.php?rest_route=\/wp\/v2\/posts\/425\/revisions"}],"predecessor-version":[{"id":432,"href":"https:\/\/www.hagyomanyokhegye.hu\/index.php?rest_route=\/wp\/v2\/posts\/425\/revisions\/432"}],"wp:attachment":[{"href":"https:\/\/www.hagyomanyokhegye.hu\/index.php?rest_route=%2Fwp%2Fv2%2Fmedia&parent=425"}],"wp:term":[{"taxonomy":"category","embeddable":true,"href":"https:\/\/www.hagyomanyokhegye.hu\/index.php?rest_route=%2Fwp%2Fv2%2Fcategories&post=425"},{"taxonomy":"post_tag","embeddable":true,"href":"https:\/\/www.hagyomanyokhegye.hu\/index.php?rest_route=%2Fwp%2Fv2%2Ftags&post=425"}],"curies":[{"name":"wp","href":"https:\/\/api.w.org\/{rel}","templated":true}]}}