{"id":346,"date":"2015-03-06T19:47:29","date_gmt":"2015-03-06T19:47:29","guid":{"rendered":"http:\/\/hagyhegy.bokodesign.hu\/?p=345"},"modified":"2015-03-09T19:53:02","modified_gmt":"2015-03-09T19:53:02","slug":"avar-fegyverek-2","status":"publish","type":"post","link":"https:\/\/www.hagyomanyokhegye.hu\/?p=346","title":{"rendered":"Avar fegyverek"},"content":{"rendered":"<p style=\"color: #000000;\">\n<p style=\"color: #000000;\">Az avarokr\u00f3l sz\u00f3l\u00f3 honlapr\u00e9sznek egyik fontos eleme az avarok fegyvereir\u0151l sz\u00f3l\u00f3 pont. Fontos ez a r\u00e9sz, hiszen az avarok eg\u00e9sz t\u00f6rt\u00e9nelm\u00e9t \u00e1tsz\u00f6vik a csat\u00e1k, h\u00e1bor\u00fak. \u00c9let\u00fck volt a h\u00e1bor\u00fa, mint ahogy azt oly szeml\u00e9letesen fejezte ki a VIII. sz\u00e1zadi Bilge kag\u00e1n \u00e9s K\u00fcl-tegin eml\u00e9koszlop\u00e1nak felirata: &#8222;Akiknek feje volt meghajl\u00edtott\u00e1k, akiknek t\u00e9rde volt f\u00f6ldre k\u00e9nyszer\u00edtett\u00e9k.&#8221; Annak ellen\u00e9re, hogy Egyes\u00fclet\u00fcnkben is nagyr\u00e9szt e harcos avarokat jelen\u00edtj\u00fck meg, m\u00e9gis hangs\u00falyozzuk a j\u00f3zan \u00e9szt \u00e9s megfontolts\u00e1got.<\/p>\n<p style=\"color: #000000;\">E honlapon nem tiszt\u00fcnk eld\u00f6nteni az avarokr\u00f3l sz\u00f3l\u00f3 vit\u00e1t, \u00e9pp ez\u00e9rt minden olyan \u00edr\u00e1st, mely vel\u00fck foglalkozik k\u00f6zz\u00e9 tesz\u00fcnk. A sok &#8211; rem\u00e9nyeink szerint egyre sokasod\u00f3 &#8211; anyagok olvas\u00e1sa ut\u00e1n d\u00f6ntse el a kedves olvas\u00f3, hogy mit is gondol err\u0151l az izgalmas n\u00e9pr\u0151l.<\/p>\n<p style=\"color: #000000;\">Az al\u00e1bbiakban olyan disszert\u00e1ci\u00f3kat, dolgozatokat, \u00edr\u00e1sokat adunk k\u00f6zre, melyek az avarok fegyvereivel foglalkoznak, de ide soroltuk azokat az anyagokat, melyek a had\u00e1szatban nagy jelent\u0151s\u00e9ggel b\u00edrtak, mint pl. a kengyelek. K\u00e9rj\u00fck, amennyiben tudom\u00e1sa van olyan anyagr\u00f3l, mely itt nem szerepel, vegye fel vel\u00fcnk a kapcsolatot!<\/p>\n<p><a style=\"color: #000000;\" href=\"http:\/\/www.hagyomanyokhegye.hu\/images\/avar\/avar_fegyverek.pdf\" target=\"_blank\">Csiky Gergely: Az avar kori sz\u00far\u00f3- \u00e9s v\u00e1g\u00f3fegyverek (Budapest, 2009)<\/a><\/p>\n<p><a style=\"color: #000000;\" href=\"http:\/\/www.hagyomanyokhegye.hu\/images\/avar\/avarfegyver.pdf\" target=\"_blank\">Dernovics G\u00e1bor: A k\u00f6z\u00e9p \u00e9s k\u00e9s\u0151 avarok fegyverei (Szeged, 2005)<\/a><\/p>\n<p><a style=\"color: #000000;\" href=\"http:\/\/www.hagyomanyokhegye.hu\/images\/avar\/avarij_magyarij.pdf\" target=\"_blank\">Sz\u0151ll\u0151sy G\u00e1bor: Az avar \u00edjak \u00e9s a magyar \u00edj fejl\u0151d\u00e9st\u00f6rt\u00e9neti kapcsolatai (Balassi Kiad\u00f3-Budapest, 2002)<\/a><\/p>\n<p style=\"color: #000000;\"><a style=\"color: #000000;\" title=\"\" href=\"http:\/\/www.hagyomanyokhegye.hu\/images\/avar\/kengyelek.pdf\" target=\"_blank\">Fodor P\u00e9ter \u00c1d\u00e1m: Amir\u0151l a kengyelek mes\u00e9lnek<\/a><\/p>\n","protected":false},"excerpt":{"rendered":"<p>Az avarokr\u00f3l sz\u00f3l\u00f3 honlapr\u00e9sznek egyik fontos eleme az avarok fegyvereir\u0151l sz\u00f3l\u00f3 pont. Fontos ez a r\u00e9sz, hiszen az avarok eg\u00e9sz t\u00f6rt\u00e9nelm\u00e9t \u00e1tsz\u00f6vik a csat\u00e1k, h\u00e1bor\u00fak. \u00c9let\u00fck volt a h\u00e1bor\u00fa, mint ahogy azt oly szeml\u00e9letesen fejezte ki a VIII. sz\u00e1zadi Bilge kag\u00e1n \u00e9s K\u00fcl-tegin eml\u00e9koszlop\u00e1nak felirata: &#8222;Akiknek feje volt meghajl\u00edtott\u00e1k, akiknek t\u00e9rde volt f\u00f6ldre k\u00e9nyszer\u00edtett\u00e9k.&#8221; Annak [&hellip;]<\/p>\n","protected":false},"author":2,"featured_media":0,"comment_status":"open","ping_status":"open","sticky":false,"template":"","format":"standard","meta":[],"categories":[1],"tags":[],"_links":{"self":[{"href":"https:\/\/www.hagyomanyokhegye.hu\/index.php?rest_route=\/wp\/v2\/posts\/346"}],"collection":[{"href":"https:\/\/www.hagyomanyokhegye.hu\/index.php?rest_route=\/wp\/v2\/posts"}],"about":[{"href":"https:\/\/www.hagyomanyokhegye.hu\/index.php?rest_route=\/wp\/v2\/types\/post"}],"author":[{"embeddable":true,"href":"https:\/\/www.hagyomanyokhegye.hu\/index.php?rest_route=\/wp\/v2\/users\/2"}],"replies":[{"embeddable":true,"href":"https:\/\/www.hagyomanyokhegye.hu\/index.php?rest_route=%2Fwp%2Fv2%2Fcomments&post=346"}],"version-history":[{"count":3,"href":"https:\/\/www.hagyomanyokhegye.hu\/index.php?rest_route=\/wp\/v2\/posts\/346\/revisions"}],"predecessor-version":[{"id":391,"href":"https:\/\/www.hagyomanyokhegye.hu\/index.php?rest_route=\/wp\/v2\/posts\/346\/revisions\/391"}],"wp:attachment":[{"href":"https:\/\/www.hagyomanyokhegye.hu\/index.php?rest_route=%2Fwp%2Fv2%2Fmedia&parent=346"}],"wp:term":[{"taxonomy":"category","embeddable":true,"href":"https:\/\/www.hagyomanyokhegye.hu\/index.php?rest_route=%2Fwp%2Fv2%2Fcategories&post=346"},{"taxonomy":"post_tag","embeddable":true,"href":"https:\/\/www.hagyomanyokhegye.hu\/index.php?rest_route=%2Fwp%2Fv2%2Ftags&post=346"}],"curies":[{"name":"wp","href":"https:\/\/api.w.org\/{rel}","templated":true}]}}