{"id":343,"date":"2015-03-06T19:46:32","date_gmt":"2015-03-06T19:46:32","guid":{"rendered":"http:\/\/hagyhegy.bokodesign.hu\/?p=343"},"modified":"2015-03-07T23:12:36","modified_gmt":"2015-03-07T23:12:36","slug":"avar-viseletek","status":"publish","type":"post","link":"https:\/\/www.hagyomanyokhegye.hu\/?p=343","title":{"rendered":"Avar viseletek"},"content":{"rendered":"<p>&nbsp;<\/p>\n<p style=\"color: #000000;\">E honlapr\u00e9szen az avarok viselet\u00e9vel foglalkozunk. Sajnos a K\u00e1rp\u00e1t-medencei k\u00f6r\u00fclm\u00e9nyek nem kedveznek a ruh\u00e1zat megmarad\u00e1s\u00e1nak, ez\u00e9rt t\u00f6bbnyire csak korabeli \u00e1br\u00e1zol\u00e1sokb\u00f3l, \u00a0le\u00edr\u00e1sokb\u00f3l (esetleg \u00e1zsiai avar leletekb\u0151l) k\u00f6vetkeztethet\u00fcnk mindezekre. A lehet\u0151s\u00e9gek k\u00f6re igen t\u00e1g, hiszen akkort\u00e1jt t\u00f6bbnyire nem a divat, hanem a c\u00e9lszer\u0171s\u00e9g d\u00f6nt\u00f6tt a ruh\u00e1zatr\u00f3l. E pontba soroltuk azokat a ruh\u00e1kat, vagy mondjuk ink\u00e1bb \u00fagy, hogy v\u00e9d\u0151felszerel\u00e9seket, melyeket a harcosok viseltek. F\u00e9m mivoltukb\u00f3l ad\u00f3d\u00f3an ezekr\u0151l kicsit t\u00f6bb adatunk van. Itt tal\u00e1lhatja meg azokat az anyagokat is, melyek a viselethez kapcsol\u00f3dnak, mint pl. \u00f6vek, \u00e9kszerek, ruhakapcsok, stb.<\/p>\n<p style=\"color: #000000;\"><span class=\"Apple-style-span\">K\u00e9rj\u00fck, amennyiben tudom\u00e1sa van olyan anyagr\u00f3l, mely itt nem szerepel, vegye fel vel\u00fcnk a kapcsolatot!<\/span><\/p>\n<p style=\"color: #000000;\"><a style=\"color: #000000;\" title=\"\" href=\"http:\/\/www.hagyomanyokhegye.hu\/images\/avar\/liliomos_ovveretek.pdf\" target=\"_blank\">Szalontai Csaba: A k\u00e9s\u0151 avar kori liliomos \u00f6vveretek<\/a><\/p>\n<p style=\"color: #000000;\"><a style=\"color: #000000;\" title=\"\" href=\"http:\/\/www.hagyomanyokhegye.hu\/images\/avar\/aranyozott_ovdiszek.pdf\" target=\"_blank\">Kiss G\u00e1bor: A k\u00e9s\u0151i avar aranyozott \u00f6vd\u00edszek<\/a><\/p>\n<p style=\"color: #000000;\"><a style=\"color: #000000;\" title=\"\" href=\"http:\/\/www.hagyomanyokhegye.hu\/images\/avar\/alpi_ov.pdf\" target=\"_blank\">L\u0151rinczy G\u00e1bor &#8211; Straub P\u00e9ter: Alpi t\u00edpus\u00fa \u00f6vgarnit\u00fara a szegv\u00e1r-oromd\u0171l\u0151i 81. s\u00edrb\u00f3l. (2005)\u00a0<\/a><\/p>\n<p style=\"color: #000000;\"><a style=\"color: #000000;\" title=\"\" href=\"http:\/\/www.hagyomanyokhegye.hu\/images\/avar\/inda.pdf\" target=\"_blank\">Sz\u0151ke B\u00e9la Mikl\u00f3s: Egy avar kori indavir\u00e1g (Zalai M\u00fazeum, 2001)<\/a><\/p>\n<p style=\"color: #000000;\"><a style=\"color: #000000;\" title=\"\" href=\"http:\/\/www.hagyomanyokhegye.hu\/images\/avar\/diszites.pdf\" target=\"_blank\">V\u00e1mosi Lajosn\u00e9: D\u00edsz\u00edt\u00e9stechnikai elj\u00e1r\u00e1sok a Zam\u00e1rdi avar temet\u0151 VII. sz\u00e1zadi leletanyag\u00e1ban (Kaposv\u00e1r, 2002)<\/a><\/p>\n<p style=\"color: #000000;\"><a style=\"color: #000000;\" href=\"http:\/\/www.hagyomanyokhegye.hu\/images\/avar\/avar_gyongy.pdf\" target=\"_blank\">Nagy G\u00e9za, P\u00e1sztor Adrien, F\u00f3rizs Istv\u00e1n, T\u00f3th M\u00e1ria: Szarmata \u00e9s avar kori \u00fcveggy\u00f6ngy\u00f6k elektron mikroszond\u00e1s vizsg\u00e1lata (Budapest, 2010)<\/a><\/p>\n<p style=\"color: #000000;\"><a style=\"color: #000000;\" title=\"\" href=\"http:\/\/www.hagyomanyokhegye.hu\/images\/avar\/gyongyok.pdf\" target=\"_blank\">P\u00e1sztor Adrien: A kora \u00e9s k\u00f6z\u00e9p avar kori gy\u00f6ngy\u00f6k \u00e9s a biz\u00e1nci \u00e9remleletes s\u00edrok kronol\u00f3giai kapcsolata<\/a><\/p>\n<p style=\"color: #000000;\"><a style=\"color: #000000;\" title=\"\" href=\"http:\/\/www.hagyomanyokhegye.hu\/images\/avar\/korongok.pdf\" target=\"_blank\">B\u00e1rdos Edith: Az avarkori \u00f6nt\u00f6tt bronz korongok viseleti szok\u00e1s\u00e1hoz a zam\u00e1rdi avar temet\u0151 alapj\u00e1n I.<\/a><\/p>\n<p style=\"color: #000000;\"><a style=\"color: #000000;\" href=\"http:\/\/www.hagyomanyokhegye.hu\/images\/avar\/avar_pancelok.pdf\" target=\"_blank\">Csall\u00e1ny Dezs\u0151: Avarkori p\u00e1nc\u00e9lok a K\u00e1rp\u00e1t-medenc\u00e9ben I. (J\u00f3zsa Andr\u00e1s M\u00fazeum, Ny\u00edregyh\u00e1za)<\/a><\/p>\n<p><a style=\"color: #000000;\" href=\"http:\/\/www.hagyomanyokhegye.hu\/images\/avar\/nyjame_15-17_1972-1974_5_35.pdf\" target=\"_blank\">Csall\u00e1ny Dezs\u0151: Avarkori p\u00e1nc\u00e9lok a K\u00e1rp\u00e1t-medenc\u00e9ben II. (J\u00f3zsa Andr\u00e1s M\u00fazeum, Ny\u00edregyh\u00e1za)<\/a><\/p>\n","protected":false},"excerpt":{"rendered":"<p>&nbsp; E honlapr\u00e9szen az avarok viselet\u00e9vel foglalkozunk. Sajnos a K\u00e1rp\u00e1t-medencei k\u00f6r\u00fclm\u00e9nyek nem kedveznek a ruh\u00e1zat megmarad\u00e1s\u00e1nak, ez\u00e9rt t\u00f6bbnyire csak korabeli \u00e1br\u00e1zol\u00e1sokb\u00f3l, \u00a0le\u00edr\u00e1sokb\u00f3l (esetleg \u00e1zsiai avar leletekb\u0151l) k\u00f6vetkeztethet\u00fcnk mindezekre. A lehet\u0151s\u00e9gek k\u00f6re igen t\u00e1g, hiszen akkort\u00e1jt t\u00f6bbnyire nem a divat, hanem a c\u00e9lszer\u0171s\u00e9g d\u00f6nt\u00f6tt a ruh\u00e1zatr\u00f3l. E pontba soroltuk azokat a ruh\u00e1kat, vagy mondjuk ink\u00e1bb \u00fagy, [&hellip;]<\/p>\n","protected":false},"author":2,"featured_media":0,"comment_status":"open","ping_status":"open","sticky":false,"template":"","format":"standard","meta":[],"categories":[1],"tags":[],"_links":{"self":[{"href":"https:\/\/www.hagyomanyokhegye.hu\/index.php?rest_route=\/wp\/v2\/posts\/343"}],"collection":[{"href":"https:\/\/www.hagyomanyokhegye.hu\/index.php?rest_route=\/wp\/v2\/posts"}],"about":[{"href":"https:\/\/www.hagyomanyokhegye.hu\/index.php?rest_route=\/wp\/v2\/types\/post"}],"author":[{"embeddable":true,"href":"https:\/\/www.hagyomanyokhegye.hu\/index.php?rest_route=\/wp\/v2\/users\/2"}],"replies":[{"embeddable":true,"href":"https:\/\/www.hagyomanyokhegye.hu\/index.php?rest_route=%2Fwp%2Fv2%2Fcomments&post=343"}],"version-history":[{"count":1,"href":"https:\/\/www.hagyomanyokhegye.hu\/index.php?rest_route=\/wp\/v2\/posts\/343\/revisions"}],"predecessor-version":[{"id":365,"href":"https:\/\/www.hagyomanyokhegye.hu\/index.php?rest_route=\/wp\/v2\/posts\/343\/revisions\/365"}],"wp:attachment":[{"href":"https:\/\/www.hagyomanyokhegye.hu\/index.php?rest_route=%2Fwp%2Fv2%2Fmedia&parent=343"}],"wp:term":[{"taxonomy":"category","embeddable":true,"href":"https:\/\/www.hagyomanyokhegye.hu\/index.php?rest_route=%2Fwp%2Fv2%2Fcategories&post=343"},{"taxonomy":"post_tag","embeddable":true,"href":"https:\/\/www.hagyomanyokhegye.hu\/index.php?rest_route=%2Fwp%2Fv2%2Ftags&post=343"}],"curies":[{"name":"wp","href":"https:\/\/api.w.org\/{rel}","templated":true}]}}